{"id":5096,"date":"2018-09-09T21:45:59","date_gmt":"2018-09-10T00:45:59","guid":{"rendered":"http:\/\/www.butokukaisa.com.br\/?p=5096"},"modified":"2023-04-13T04:52:50","modified_gmt":"2023-04-13T07:52:50","slug":"atleta-tamillis-campi-pimenta-e-bronze-em-budapeste","status":"publish","type":"post","link":"https:\/\/butokukaisa.com.br\/site\/2018\/09\/09\/atleta-tamillis-campi-pimenta-e-bronze-em-budapeste\/","title":{"rendered":"Atleta Tamillis Campi Pimenta \u00e9 Bronze em Budapeste"},"content":{"rendered":"<p>Atleta <span style=\"color: #ff0000;\"><strong>Tamillis Campi Pimenta (ASKABUSA)<\/strong><\/span>, da Sele\u00e7\u00e3o Ol\u00edmpica de Karat\u00ea (CBK) e atleta da FAB, conquista Bronze na categoria -50 no Open Interacional de Karat\u00ea em Budapeste (Evento realizado no dia 08\/09\/18). A atleta fez quatro lutas, ganhando a primeira rodada, perdendo a segunda rodada, no qual a atleta que ela perdeu foi para final e puxou ela para repescagem, assim ela teve que ainda fazer duas lutas na repesca ganhando uma e vencendo a\u00a0 outra por melhor combatividade por abrir a luta com senshu, decis\u00e3o dos \u00e1rbitros. A atleta continua a temporada na Europa com participa\u00e7\u00f5es na Premier Legue da Alemanha (Berlim) no dia 12 a 15 de setembro.<a href=\"https:\/\/www.lilyblogslife.com\/\"><strong>bolsa de pierna decathlon<\/strong><\/a><br \/>\n<a href=\"https:\/\/www.speakim.com\/\"><strong>Adidas Stan Smith<\/strong><\/a><br \/>\n<a href=\"https:\/\/www.ethnoworld.org\/\"><strong>sadarin\u0101\u0161an\u0101s gredzeni<\/strong><\/a><br \/>\n<a href=\"https:\/\/www.azar-asanro.com\/\"><strong>\u03c7\u03c1\u03c5\u03c3\u03c3\u03b5\u03c2 \u03c0\u03bb\u03b1\u03c4\u03c6\u03bf\u03c1\u03bc\u03b5\u03c2<\/strong><\/a><br \/>\n<a href=\"https:\/\/www.dolancstringquartet.com\/\"><strong>napihljivi fotelj merkur<\/strong><\/a><br \/>\n<a href=\"https:\/\/www.nhfortworth.com\/\"><strong>nike air zoom pegasus 36 w<\/strong><\/a><br \/>\n<a href=\"https:\/\/www.andespure.com\/\"><strong>replika spor ayakkab\u0131 toptan<\/strong><\/a><br \/>\n<a href=\"https:\/\/www.ilmastonmuuttajat.fi\/\"><strong>ted baker aurinkolasit<\/strong><\/a><br \/>\n<a href=\"https:\/\/www.unalankompresor.com\/\"><strong>moschino tri\u010dko<\/strong><\/a><br \/>\n<a href=\"https:\/\/www.louisemothersole.co.uk\/\"><strong>\u03bd\u03b1\u03ba \u03c0\u03b1\u03c0\u03bf\u03c5\u03c4\u03c3\u03b9\u03b1 \u03c0\u03b5\u03b4\u03b9\u03bb\u03b1<\/strong><\/a>\u00a0<img fetchpriority=\"high\" decoding=\"async\" class=\"wp-image-5097 size-medium alignnone\" src=\"https:\/\/butokukaisa.com.br\/site\/wp-content\/uploads\/2018\/09\/Tamillis-Budapeste-300x225.jpg\" alt=\"\" width=\"300\" height=\"225\" srcset=\"https:\/\/butokukaisa.com.br\/site\/wp-content\/uploads\/2018\/09\/Tamillis-Budapeste-300x225.jpg 300w, https:\/\/butokukaisa.com.br\/site\/wp-content\/uploads\/2018\/09\/Tamillis-Budapeste-768x576.jpg 768w, https:\/\/butokukaisa.com.br\/site\/wp-content\/uploads\/2018\/09\/Tamillis-Budapeste.jpg 960w\" sizes=\"(max-width: 300px) 100vw, 300px\" \/> <img decoding=\"async\" class=\"alignleft wp-image-5098\" src=\"https:\/\/butokukaisa.com.br\/site\/wp-content\/uploads\/2018\/09\/Tamillis-Podio.jpg\" alt=\"\" width=\"573\" height=\"764\" srcset=\"https:\/\/butokukaisa.com.br\/site\/wp-content\/uploads\/2018\/09\/Tamillis-Podio.jpg 720w, https:\/\/butokukaisa.com.br\/site\/wp-content\/uploads\/2018\/09\/Tamillis-Podio-225x300.jpg 225w\" sizes=\"(max-width: 573px) 100vw, 573px\" \/><\/p>\n","protected":false},"excerpt":{"rendered":"<p>Atleta Tamillis Campi Pimenta (ASKABUSA), da Sele\u00e7\u00e3o Ol\u00edmpica de Karat\u00ea (CBK) e atleta da FAB, conquista Bronze na categoria -50 no Open Interacional de Karat\u00ea em Budapeste (Evento realizado no dia 08\/09\/18). A atleta fez quatro lutas, ganhando a primeira rodada, perdendo a segunda rodada, no qual a atleta que ela perdeu foi para final [&hellip;]<\/p>\n","protected":false},"author":2,"featured_media":5004,"comment_status":"open","ping_status":"open","sticky":false,"template":"","format":"standard","meta":{"_blockly_fonts_attr":"","footnotes":""},"categories":[2],"tags":[49,79,112,23,58,57,141,142,55,107,31,9,39,62,29,75,54,15,154,108,63,56,77,105,100,109,110,111,52,90,115,140,41,98,102,106,59,36,35,53,76,61,99,114,152,113,122,82,155,156,60,116,145,136,133,134,132,135,117,104,92,66,101,47,147,93,146,148,118,119,143,144,94,10,64,65,67,11,14,30,74,73,72,120,96,32,91,97,123,121,149,124,68,150,85,84,18,69,103,50,34,21,71,70,86,20,126,89,81,83,87,19,128,151,127,129,43,138,139,137,33,48,95,125,157,51,88,80,153,16,78,130,131],"class_list":["post-5096","post","type-post","status-publish","format-standard","has-post-thumbnail","hentry","category-eventos","tag-academia","tag-arbitros","tag-ashi-barai","tag-askabusa","tag-associacao","tag-atletas","tag-bassai-dai","tag-bassai-sho","tag-brasileiro","tag-budo","tag-butoku-kai","tag-butokukai","tag-butokukaisa","tag-calendario-fek","tag-campeonato","tag-capixaba","tag-carlos-alberto","tag-cbk","tag-chinte","tag-chudan","tag-circuito-olimpico","tag-classificacao","tag-confederacao-brasileira-de-karate","tag-conter","tag-criar","tag-dachi","tag-dan","tag-do","tag-dojo","tag-dojo-kun","tag-empi","tag-enpi","tag-es","tag-esforcar-se","tag-esforco","tag-espirito","tag-espirito-santo","tag-estadual","tag-etapa","tag-faixa-preta","tag-federacao-espiritosantense-de-karate","tag-fek","tag-fidelidade","tag-fumi-komi","tag-gankaku","tag-gedan","tag-geri","tag-gojuryu","tag-gojushiho-dai","tag-gojushiho-sho","tag-grande-vitoria","tag-gyaku","tag-hangetsu","tag-heian-godan","tag-heian-nidan","tag-heian-sandan","tag-heian-shodan","tag-heian-yodan","tag-hidari","tag-hierarquia","tag-hitotsu","tag-infantil","tag-intuito","tag-jardim-camburi","tag-jiin","tag-jinkaku","tag-jion","tag-jitte","tag-juji-uke","tag-kamae","tag-kanku-dai","tag-kanku-sho","tag-kansei-ni","tag-karate","tag-karate-esportivo","tag-karate-infantil","tag-karate-para-mulheres","tag-karatedo","tag-karateka","tag-kata","tag-kata-senior","tag-kihon","tag-kihon-kata","tag-kime","tag-koto","tag-kumite","tag-lemas-do-karate","tag-makoto","tag-mawashi","tag-mawashi-geri","tag-meikyo","tag-morote","tag-mulheres-no-karate","tag-ninjushiho","tag-okinawa","tag-okinawa-te","tag-pan-americano","tag-regras","tag-respeitar","tag-santo-antonio","tag-seminario","tag-sensei","tag-shiai","tag-shiai-kumite","tag-shidokan","tag-shihan","tag-shinai","tag-shintokai","tag-shitoryu","tag-shorin-ryu","tag-shotokai","tag-shotokan","tag-shuto","tag-sochin","tag-sokuto","tag-sotoke","tag-sub-21","tag-tekki-nidan","tag-tekki-sandan","tag-tekki-shodan","tag-torneio","tag-treino","tag-tsutomuru","tag-uke","tag-unsu","tag-vitoria","tag-wadokai","tag-wadoryu","tag-wankan","tag-wkf","tag-world-karate-federation","tag-yame","tag-yoko"],"_links":{"self":[{"href":"https:\/\/butokukaisa.com.br\/site\/wp-json\/wp\/v2\/posts\/5096","targetHints":{"allow":["GET"]}}],"collection":[{"href":"https:\/\/butokukaisa.com.br\/site\/wp-json\/wp\/v2\/posts"}],"about":[{"href":"https:\/\/butokukaisa.com.br\/site\/wp-json\/wp\/v2\/types\/post"}],"author":[{"embeddable":true,"href":"https:\/\/butokukaisa.com.br\/site\/wp-json\/wp\/v2\/users\/2"}],"replies":[{"embeddable":true,"href":"https:\/\/butokukaisa.com.br\/site\/wp-json\/wp\/v2\/comments?post=5096"}],"version-history":[{"count":0,"href":"https:\/\/butokukaisa.com.br\/site\/wp-json\/wp\/v2\/posts\/5096\/revisions"}],"wp:featuredmedia":[{"embeddable":true,"href":"https:\/\/butokukaisa.com.br\/site\/wp-json\/wp\/v2\/media\/5004"}],"wp:attachment":[{"href":"https:\/\/butokukaisa.com.br\/site\/wp-json\/wp\/v2\/media?parent=5096"}],"wp:term":[{"taxonomy":"category","embeddable":true,"href":"https:\/\/butokukaisa.com.br\/site\/wp-json\/wp\/v2\/categories?post=5096"},{"taxonomy":"post_tag","embeddable":true,"href":"https:\/\/butokukaisa.com.br\/site\/wp-json\/wp\/v2\/tags?post=5096"}],"curies":[{"name":"wp","href":"https:\/\/api.w.org\/{rel}","templated":true}]}}